{"id":112,"date":"2014-06-17T12:35:57","date_gmt":"2014-06-17T10:35:57","guid":{"rendered":"http:\/\/coachingsavoie.com\/blog\/?p=112"},"modified":"2015-09-16T15:58:55","modified_gmt":"2015-09-16T13:58:55","slug":"modifiez-votre-facon-de-penser","status":"publish","type":"post","link":"https:\/\/coachingsavoie.com\/blog\/modifiez-votre-facon-de-penser\/","title":{"rendered":"Modifiez votre fa\u00e7on de penser !"},"content":{"rendered":"<p>Derni\u00e8rement, en remplissant mon lave-vaisselle, je me trouve face \u00e0 une difficult\u00e9\u00a0: tout ne rentre pas. Enfin, tout ne rentre pas si je le remplis comme \u00e0 mon habitude. Je d\u00e9place tout, \u00e7a rentre.<\/p>\n<p>Toutes les difficult\u00e9s de la vie ressemblent \u00e0 cette histoire. Face \u00e0 elles, nous sommes nombreux \u00e0 continuer de faire comme d\u2019habitude. Constatant que \u00e7a ne fonctionne pas, nous nous plaignons, nous \u00e9nervons, r\u00e2lons, (l\u2019explication du stress\u00a0!) pour finalement, parfois, renoncer.<\/p>\n<p>La deuxi\u00e8me solution consiste juste \u00e0 penser autrement.<\/p>\n<p>Penser autrement, c\u2019est sortir de mon sch\u00e9ma, sortir de ma zone de confort, prendre un risque.<\/p>\n<p>Mais c\u2019est aussi et surtout se donner une chance suppl\u00e9mentaire de r\u00e9ussir, de progresser.<\/p>\n<p>Si personne n\u2019avait pens\u00e9 autrement avant nous, aurais-je un lave-vaisselle\u00a0? Non, sans doute n\u2019aurais-je m\u00eame pas de vaisselle \u00e0 laver au fond de ma grotte\u00a0!<\/p>\n<p>Penser autrement, c\u2019est le d\u00e9but du progr\u00e8s\u2026<\/p>\n","protected":false},"excerpt":{"rendered":"<p>Derni\u00e8rement, en remplissant mon lave-vaisselle, je me trouve face \u00e0 une difficult\u00e9\u00a0: tout ne rentre pas. Enfin, tout ne rentre pas si je le remplis comme \u00e0 mon habitude. Je d\u00e9place tout, \u00e7a rentre. Toutes les difficult\u00e9s de la vie ressemblent \u00e0 cette histoire. Face \u00e0 elles, nous sommes nombreux \u00e0 continuer de faire comme [&hellip;]<\/p>\n","protected":false},"author":2,"featured_media":0,"comment_status":"open","ping_status":"open","sticky":false,"template":"","format":"standard","meta":{"_mi_skip_tracking":false},"categories":[1],"tags":[208,19,207,23,173,37,34],"yoast_head":"<!-- This site is optimized with the Yoast SEO plugin v18.1 - https:\/\/yoast.com\/wordpress\/plugins\/seo\/ -->\n<meta name=\"description\" content=\"Gr\u00e2ce au coaching et aux formations en d\u00e9veloppement personnel, vous pouvez entrevoir une nouvelle fa\u00e7on de penser, de raisonner, de r\u00e9agir.\" \/>\n<meta name=\"robots\" content=\"index, follow, max-snippet:-1, max-image-preview:large, max-video-preview:-1\" \/>\n<link rel=\"canonical\" href=\"https:\/\/coachingsavoie.com\/blog\/modifiez-votre-facon-de-penser\/\" \/>\n<meta name=\"twitter:card\" content=\"summary\" \/>\n<meta name=\"twitter:title\" content=\"Modifiez votre fa\u00e7on de penser !\" \/>\n<meta name=\"twitter:description\" content=\"Gr\u00e2ce au coaching et aux formations en d\u00e9veloppement personnel, vous pouvez entrevoir une nouvelle fa\u00e7on de penser, de raisonner, de r\u00e9agir.\" \/>\n<meta name=\"twitter:label1\" content=\"\u00c9crit par\" \/>\n\t<meta name=\"twitter:data1\" content=\"Fr\u00e9d\u00e9rique\" \/>\n\t<meta name=\"twitter:label2\" content=\"Dur\u00e9e de lecture estim\u00e9e\" \/>\n\t<meta name=\"twitter:data2\" content=\"1 minute\" \/>\n<script type=\"application\/ld+json\" class=\"yoast-schema-graph\">{\"@context\":\"https:\/\/schema.org\",\"@graph\":[{\"@type\":\"WebSite\",\"@id\":\"https:\/\/coachingsavoie.com\/blog\/#website\",\"url\":\"https:\/\/coachingsavoie.com\/blog\/\",\"name\":\"Coaching et formation en Savoie\",\"description\":\"Fr\u00e9d\u00e9rique Lemoine, formatrice sp\u00e9cialis\u00e9e en soft skills, coach certifi\u00e9e, conf\u00e9renci\u00e8re et praticien PNL\",\"potentialAction\":[{\"@type\":\"SearchAction\",\"target\":{\"@type\":\"EntryPoint\",\"urlTemplate\":\"https:\/\/coachingsavoie.com\/blog\/?s={search_term_string}\"},\"query-input\":\"required name=search_term_string\"}],\"inLanguage\":\"fr-FR\"},{\"@type\":\"WebPage\",\"@id\":\"https:\/\/coachingsavoie.com\/blog\/modifiez-votre-facon-de-penser\/#webpage\",\"url\":\"https:\/\/coachingsavoie.com\/blog\/modifiez-votre-facon-de-penser\/\",\"name\":\"Modifiez votre fa\u00e7on de penser !\",\"isPartOf\":{\"@id\":\"https:\/\/coachingsavoie.com\/blog\/#website\"},\"datePublished\":\"2014-06-17T10:35:57+00:00\",\"dateModified\":\"2015-09-16T13:58:55+00:00\",\"author\":{\"@id\":\"https:\/\/coachingsavoie.com\/blog\/#\/schema\/person\/609667a565dc4d99388eaed8d5974d55\"},\"description\":\"Gr\u00e2ce au coaching et aux formations en d\u00e9veloppement personnel, vous pouvez entrevoir une nouvelle fa\u00e7on de penser, de raisonner, de r\u00e9agir.\",\"breadcrumb\":{\"@id\":\"https:\/\/coachingsavoie.com\/blog\/modifiez-votre-facon-de-penser\/#breadcrumb\"},\"inLanguage\":\"fr-FR\",\"potentialAction\":[{\"@type\":\"ReadAction\",\"target\":[\"https:\/\/coachingsavoie.com\/blog\/modifiez-votre-facon-de-penser\/\"]}]},{\"@type\":\"BreadcrumbList\",\"@id\":\"https:\/\/coachingsavoie.com\/blog\/modifiez-votre-facon-de-penser\/#breadcrumb\",\"itemListElement\":[{\"@type\":\"ListItem\",\"position\":1,\"name\":\"Accueil\",\"item\":\"https:\/\/coachingsavoie.com\/blog\/\"},{\"@type\":\"ListItem\",\"position\":2,\"name\":\"Modifiez votre fa\u00e7on de penser !\"}]},{\"@type\":\"Person\",\"@id\":\"https:\/\/coachingsavoie.com\/blog\/#\/schema\/person\/609667a565dc4d99388eaed8d5974d55\",\"name\":\"Fr\u00e9d\u00e9rique\",\"image\":{\"@type\":\"ImageObject\",\"@id\":\"https:\/\/coachingsavoie.com\/blog\/#personlogo\",\"inLanguage\":\"fr-FR\",\"url\":\"https:\/\/secure.gravatar.com\/avatar\/6cfa9659c3800258400f0def7e662b1d?s=96&d=mm&r=g\",\"contentUrl\":\"https:\/\/secure.gravatar.com\/avatar\/6cfa9659c3800258400f0def7e662b1d?s=96&d=mm&r=g\",\"caption\":\"Fr\u00e9d\u00e9rique\"}}]}<\/script>\n<!-- \/ Yoast SEO plugin. -->","yoast_head_json":{"description":"Gr\u00e2ce au coaching et aux formations en d\u00e9veloppement personnel, vous pouvez entrevoir une nouvelle fa\u00e7on de penser, de raisonner, de r\u00e9agir.","robots":{"index":"index","follow":"follow","max-snippet":"max-snippet:-1","max-image-preview":"max-image-preview:large","max-video-preview":"max-video-preview:-1"},"canonical":"https:\/\/coachingsavoie.com\/blog\/modifiez-votre-facon-de-penser\/","twitter_card":"summary","twitter_title":"Modifiez votre fa\u00e7on de penser !","twitter_description":"Gr\u00e2ce au coaching et aux formations en d\u00e9veloppement personnel, vous pouvez entrevoir une nouvelle fa\u00e7on de penser, de raisonner, de r\u00e9agir.","twitter_misc":{"\u00c9crit par":"Fr\u00e9d\u00e9rique","Dur\u00e9e de lecture estim\u00e9e":"1 minute"},"schema":{"@context":"https:\/\/schema.org","@graph":[{"@type":"WebSite","@id":"https:\/\/coachingsavoie.com\/blog\/#website","url":"https:\/\/coachingsavoie.com\/blog\/","name":"Coaching et formation en Savoie","description":"Fr\u00e9d\u00e9rique Lemoine, formatrice sp\u00e9cialis\u00e9e en soft skills, coach certifi\u00e9e, conf\u00e9renci\u00e8re et praticien PNL","potentialAction":[{"@type":"SearchAction","target":{"@type":"EntryPoint","urlTemplate":"https:\/\/coachingsavoie.com\/blog\/?s={search_term_string}"},"query-input":"required name=search_term_string"}],"inLanguage":"fr-FR"},{"@type":"WebPage","@id":"https:\/\/coachingsavoie.com\/blog\/modifiez-votre-facon-de-penser\/#webpage","url":"https:\/\/coachingsavoie.com\/blog\/modifiez-votre-facon-de-penser\/","name":"Modifiez votre fa\u00e7on de penser !","isPartOf":{"@id":"https:\/\/coachingsavoie.com\/blog\/#website"},"datePublished":"2014-06-17T10:35:57+00:00","dateModified":"2015-09-16T13:58:55+00:00","author":{"@id":"https:\/\/coachingsavoie.com\/blog\/#\/schema\/person\/609667a565dc4d99388eaed8d5974d55"},"description":"Gr\u00e2ce au coaching et aux formations en d\u00e9veloppement personnel, vous pouvez entrevoir une nouvelle fa\u00e7on de penser, de raisonner, de r\u00e9agir.","breadcrumb":{"@id":"https:\/\/coachingsavoie.com\/blog\/modifiez-votre-facon-de-penser\/#breadcrumb"},"inLanguage":"fr-FR","potentialAction":[{"@type":"ReadAction","target":["https:\/\/coachingsavoie.com\/blog\/modifiez-votre-facon-de-penser\/"]}]},{"@type":"BreadcrumbList","@id":"https:\/\/coachingsavoie.com\/blog\/modifiez-votre-facon-de-penser\/#breadcrumb","itemListElement":[{"@type":"ListItem","position":1,"name":"Accueil","item":"https:\/\/coachingsavoie.com\/blog\/"},{"@type":"ListItem","position":2,"name":"Modifiez votre fa\u00e7on de penser !"}]},{"@type":"Person","@id":"https:\/\/coachingsavoie.com\/blog\/#\/schema\/person\/609667a565dc4d99388eaed8d5974d55","name":"Fr\u00e9d\u00e9rique","image":{"@type":"ImageObject","@id":"https:\/\/coachingsavoie.com\/blog\/#personlogo","inLanguage":"fr-FR","url":"https:\/\/secure.gravatar.com\/avatar\/6cfa9659c3800258400f0def7e662b1d?s=96&d=mm&r=g","contentUrl":"https:\/\/secure.gravatar.com\/avatar\/6cfa9659c3800258400f0def7e662b1d?s=96&d=mm&r=g","caption":"Fr\u00e9d\u00e9rique"}}]}},"_links":{"self":[{"href":"https:\/\/coachingsavoie.com\/blog\/wp-json\/wp\/v2\/posts\/112"}],"collection":[{"href":"https:\/\/coachingsavoie.com\/blog\/wp-json\/wp\/v2\/posts"}],"about":[{"href":"https:\/\/coachingsavoie.com\/blog\/wp-json\/wp\/v2\/types\/post"}],"author":[{"embeddable":true,"href":"https:\/\/coachingsavoie.com\/blog\/wp-json\/wp\/v2\/users\/2"}],"replies":[{"embeddable":true,"href":"https:\/\/coachingsavoie.com\/blog\/wp-json\/wp\/v2\/comments?post=112"}],"version-history":[{"count":2,"href":"https:\/\/coachingsavoie.com\/blog\/wp-json\/wp\/v2\/posts\/112\/revisions"}],"predecessor-version":[{"id":120,"href":"https:\/\/coachingsavoie.com\/blog\/wp-json\/wp\/v2\/posts\/112\/revisions\/120"}],"wp:attachment":[{"href":"https:\/\/coachingsavoie.com\/blog\/wp-json\/wp\/v2\/media?parent=112"}],"wp:term":[{"taxonomy":"category","embeddable":true,"href":"https:\/\/coachingsavoie.com\/blog\/wp-json\/wp\/v2\/categories?post=112"},{"taxonomy":"post_tag","embeddable":true,"href":"https:\/\/coachingsavoie.com\/blog\/wp-json\/wp\/v2\/tags?post=112"}],"curies":[{"name":"wp","href":"https:\/\/api.w.org\/{rel}","templated":true}]}}